{"id":5865,"date":"2017-09-08T16:13:45","date_gmt":"2017-09-08T16:13:45","guid":{"rendered":"http:\/\/talithakumi.ps\/school\/?p=5865"},"modified":"2017-09-08T16:36:51","modified_gmt":"2017-09-08T16:36:51","slug":"treffen-der-klassenvertreter-fur-die-wahl-des-neuen-schulerrates-20172018","status":"publish","type":"post","link":"https:\/\/talithakumi.ps\/school\/2017\/09\/08\/treffen-der-klassenvertreter-fur-die-wahl-des-neuen-schulerrates-20172018\/","title":{"rendered":"Wahl eines neuen Sch\u00fclerrates 2017\/2018"},"content":{"rendered":"<p>Am Donnerstag 07.09.2017 kamen die Klassenvertreter (5&nbsp; &#8211; 12) zusammen. An der Sitzung, die der Koordinator f\u00fcr Sch\u00fclerangelegenheit Herr Elias Emaya leitete, nahmen 48 Sch\u00fclerinnen und Sch\u00fcler teil.<\/p>\n<p>10 Sch\u00fclerinnen und Sch\u00fcler haben f\u00fcr den Sch\u00fclerrat kandidiert. Die Kandidaten stellten sich und ihre Pl\u00e4ne und Ideen den Klassenvertreter vor. Danach wurden 7 Sch\u00fclerinnen und Sch\u00fcler gew\u00e4hlt. Die Ergebnisse der Wahl waren:<\/p>\n<ol>\n<li>Dana Gerges (10d) \u2013 34 Stimmen \u2013 Vorsitzende des Sch\u00fclerrats<\/li>\n<li>Adam Al Khatib (11d) \u2013 32 stimmen \u2013 Vositzender des Sch\u00fclerrats<\/li>\n<li>Christeen Lolas (11d) \u2013 32 Stimmen \u2013 Stell. Vorsitzende des Sch\u00fclerrats<\/li>\n<li>Mary Salah (11Sc.) \u2013 23 Stimmen<\/li>\n<li>Muhammad Zawahreh (11 Sc.) \u2013 22 Stimmen &#8211; Stell. Vorsitzender des Sch\u00fclerrats<\/li>\n<li>Maher Takrori (11 Arts) \u2013 15 Stimmen<\/li>\n<li>Joy Kharoufeh (10b)<\/li>\n<li>Bishara Hani (10d) \u2013 Yousef Ayyad (9a) \u2013 Muhammad Sarasra (9b) \u2013 Reserve<\/li>\n<\/ol>\n<p>In der Sitzung wurde die ehmalige Vorsitzende des Sch\u00fclerrats Nour Abu Dayyeh als Beraterin f\u00fcr den neuen Sch\u00fclerrat ausgew\u00e4hlt.<\/p>\n<p>Der neue Sch\u00fclerrat wird in der n\u00e4chsten Woche tagen und die Aufgaben unter den Miteglieder aufteilen.<\/p>\n<p>&nbsp;<\/p>\n<p>Wir w\u00fcnschen dem neuen Sch\u00fclerrat viel Erfolg in seiner Arbeit<\/p>\n","protected":false},"excerpt":{"rendered":"<p>Am Donnerstag 07.09.2017 kamen die Klassenvertreter (5&nbsp; &#8211; 12) zusammen. An der Sitzung, die der Koordinator f\u00fcr Sch\u00fclerangelegenheit Herr Elias Emaya leitete, nahmen 48 Sch\u00fclerinnen und Sch\u00fcler teil. 10 Sch\u00fclerinnen und Sch\u00fcler haben f\u00fcr den Sch\u00fclerrat kandidiert. Die Kandidaten stellten sich und ihre Pl\u00e4ne und Ideen den Klassenvertreter vor. Danach wurden 7 Sch\u00fclerinnen und Sch\u00fcler [&hellip;]<\/p>\n","protected":false},"author":3,"featured_media":5846,"comment_status":"closed","ping_status":"closed","sticky":false,"template":"","format":"standard","meta":{"footnotes":""},"categories":[5],"tags":[],"class_list":["post-5865","post","type-post","status-publish","format-standard","has-post-thumbnail","hentry","category-latest-news"],"_links":{"self":[{"href":"https:\/\/talithakumi.ps\/school\/wp-json\/wp\/v2\/posts\/5865","targetHints":{"allow":["GET"]}}],"collection":[{"href":"https:\/\/talithakumi.ps\/school\/wp-json\/wp\/v2\/posts"}],"about":[{"href":"https:\/\/talithakumi.ps\/school\/wp-json\/wp\/v2\/types\/post"}],"author":[{"embeddable":true,"href":"https:\/\/talithakumi.ps\/school\/wp-json\/wp\/v2\/users\/3"}],"replies":[{"embeddable":true,"href":"https:\/\/talithakumi.ps\/school\/wp-json\/wp\/v2\/comments?post=5865"}],"version-history":[{"count":3,"href":"https:\/\/talithakumi.ps\/school\/wp-json\/wp\/v2\/posts\/5865\/revisions"}],"predecessor-version":[{"id":5868,"href":"https:\/\/talithakumi.ps\/school\/wp-json\/wp\/v2\/posts\/5865\/revisions\/5868"}],"wp:featuredmedia":[{"embeddable":true,"href":"https:\/\/talithakumi.ps\/school\/wp-json\/wp\/v2\/media\/5846"}],"wp:attachment":[{"href":"https:\/\/talithakumi.ps\/school\/wp-json\/wp\/v2\/media?parent=5865"}],"wp:term":[{"taxonomy":"category","embeddable":true,"href":"https:\/\/talithakumi.ps\/school\/wp-json\/wp\/v2\/categories?post=5865"},{"taxonomy":"post_tag","embeddable":true,"href":"https:\/\/talithakumi.ps\/school\/wp-json\/wp\/v2\/tags?post=5865"}],"curies":[{"name":"wp","href":"https:\/\/api.w.org\/{rel}","templated":true}]}}