{"id":6781,"date":"2018-07-11T17:29:20","date_gmt":"2018-07-11T17:29:20","guid":{"rendered":"http:\/\/talithakumi.ps\/school\/?p=6781"},"modified":"2018-07-11T17:29:20","modified_gmt":"2018-07-11T17:29:20","slug":"austauschreise-nach-bielefeld-sennestadt","status":"publish","type":"post","link":"https:\/\/talithakumi.ps\/school\/2018\/07\/11\/austauschreise-nach-bielefeld-sennestadt\/","title":{"rendered":"Austauschreise nach Bielefeld-Sennestadt"},"content":{"rendered":"<p>Vom 11. bis 27. Juni 2018 waren 13 Sch\u00fclerinnen und Sch\u00fcler aus Talitha Kumi &#8211; \u00fcberwiegend aus den Klassen 10 a und b &#8211; auf einer Austauschreise mit dem Ziel Bielefeld-Sennestadt. Auch bei diesem vierten Durchgang seit 2012 wurden unsere Sch\u00fclerinnen herzlich aufgenommen.<\/p>\n<p>Am ersten Tag gab es wie immer Unterrichtsbesuche: Unsere Sch\u00fclerinnen und Sch\u00fcler gingen mit ihren Gastgebern in einige der Unterrichtsstunden, die sie an dem Tag hatten; dies bietet ihnen die M\u00f6glichkeit, die Unterrichtsmethoden der Schule in Deutschland mit denen, die sie aus Talitha Kumi kennen, zu vergleichen.<\/p>\n<p>Ein zentraler Programmpunkt ist stets ein gemeinsames Projekt, wof\u00fcr die deutschen Sch\u00fclerinnen und Sch\u00fcler f\u00fcr bis zu zwei Tagen vom Unterricht freigestellt werden. In diesem Jahr konnten die Sch\u00fclerinnen und Sch\u00fcler aus den beiden L\u00e4ndern ein gro\u00dfes St\u00fcck Wand im Schulflur k\u00fcnstlerisch gestalten und bemalen.<br \/>\nZun\u00e4chst entstanden in deutsch-pal\u00e4stinensischer Partnerarbeit Konzepte, aus denen dann die besten Ideen zu einem Gesamtkunstwerk zusammengef\u00fcgt wurden. Was bei der Kommunikation in tagt\u00e4glichen Gespr\u00e4chen eher schleppend und holprig wirkte, konnte im k\u00fcnstlerischen Kontext vielversprechend gedeihen.<\/p>\n<p>Ein weiterer fester Programmpunkt ist der Ausflug nach K\u00f6ln mit einer Domf\u00fchrung, einer Dampferfahrt und einer Innenstadterkundung in Kleingruppen.<br \/>\nNat\u00fcrlich gibt es auch verschiedenen Situationen, in denen die G\u00e4ste Bielefeld kennenlernen, sei es durch die Stadtf\u00fchrung, die jeweils am ersten Samstagvormittag von den deutschen SuS durchgef\u00fchrt wird, die im Vorfeld kleine Vortr\u00e4ge zu bestimmten Sehensw\u00fcrdigkeiten vorbereiten, sei es ein Ausflug in den Tierpark, sei es die Wanderung durch den Teutoburger Wald zur Sparrenburg, die in diesem Jahr dem regnerischen Wetter zum Opfer fiel, oder durch nachmitt\u00e4gliche Fahrten in die Innenstadt gemeinsam mit den GastgeberInnen.<\/p>\n<p>Und Fu\u00dfball: Jedesmal wenn wir nach Bielefeld reisen, ist entweder WM oder EM. H\u00e4ufig organisieren die Bielefelder SuS gemeinsame Fu\u00dfballabende bei einer Sch\u00fclerin zu Hause.<\/p>\n<p>Der zweite H\u00f6hepunkt neben dem gemeinsamen Projekt war erneut der Pal\u00e4stina-Abend, an dem die pal. SuS ihren gastgebenden Familien oder sonstigen interessierten G\u00e4sten ihre Heimat, ihre Kultur, ihre Schule sowie die Geschichte Pal\u00e4stinas, die schwierige politische Situation und die Erschwernisse des Lebens unter der Besatzung vor- bzw. darstellen. Die Zuh\u00f6ren empfanden den Abend als spannend und sehr informativ.<\/p>\n<p>An einem Tag fuhren wir zur Bielfelder Universit\u00e4t, wo die SuS bei einer F\u00fchrung von Sandy Mattar einen Eindruck von einer deutschen Universit\u00e4t bekamen (H\u00f6rs\u00e4le, Bibliotheken, Essens-, Einkaufs- und Freizeitm\u00f6glichkeiten usw.) In einem pers\u00f6nlichen Gespr\u00e4ch berichtete Sandy von ihren Erfahrungen in Deutschland und wie sie es gelernt hat, Schwierigkeiten zu \u00fcberwinden.<\/p>\n<p>Am Ende bleibt aber viel Positives: Unsere SuS haben einen ersten authentischen Einblick in die deutsche Kultur bekommen, haben das Leben in einer westf\u00e4lischen Stadt und in deutschen Familien kennengelernt; sie konnten vielf\u00e4ltige Vergleiche zum Leben in Pal\u00e4stina ziehen und ihrem Gegen\u00fcber mitteilen. Die SuS haben sich vorbildlich verhalten und sie haben ihre Heimat, ihre Kultur und ihre Schule in einem guten Licht pr\u00e4sentiert.<\/p>\n<p>Im April 2019 erwarten wir die Sch\u00fclerinnen und Sch\u00fcler der Hans Ehrenberg Schule (Bielefeld-Sennestadt) zum Gegenbesuch in Beit Jala.<\/p>\n","protected":false},"excerpt":{"rendered":"<p>Vom 11. bis 27. Juni 2018 waren 13 Sch\u00fclerinnen und Sch\u00fcler aus Talitha Kumi &#8211; \u00fcberwiegend aus den Klassen 10 a und b &#8211; auf einer Austauschreise mit dem Ziel Bielefeld-Sennestadt. Auch bei diesem vierten Durchgang seit 2012 wurden unsere Sch\u00fclerinnen herzlich aufgenommen. Am ersten Tag gab es wie immer Unterrichtsbesuche: Unsere Sch\u00fclerinnen und Sch\u00fcler [&hellip;]<\/p>\n","protected":false},"author":3,"featured_media":6784,"comment_status":"closed","ping_status":"closed","sticky":false,"template":"","format":"standard","meta":{"footnotes":""},"categories":[5],"tags":[],"class_list":["post-6781","post","type-post","status-publish","format-standard","has-post-thumbnail","hentry","category-latest-news"],"_links":{"self":[{"href":"https:\/\/talithakumi.ps\/school\/wp-json\/wp\/v2\/posts\/6781","targetHints":{"allow":["GET"]}}],"collection":[{"href":"https:\/\/talithakumi.ps\/school\/wp-json\/wp\/v2\/posts"}],"about":[{"href":"https:\/\/talithakumi.ps\/school\/wp-json\/wp\/v2\/types\/post"}],"author":[{"embeddable":true,"href":"https:\/\/talithakumi.ps\/school\/wp-json\/wp\/v2\/users\/3"}],"replies":[{"embeddable":true,"href":"https:\/\/talithakumi.ps\/school\/wp-json\/wp\/v2\/comments?post=6781"}],"version-history":[{"count":1,"href":"https:\/\/talithakumi.ps\/school\/wp-json\/wp\/v2\/posts\/6781\/revisions"}],"predecessor-version":[{"id":6783,"href":"https:\/\/talithakumi.ps\/school\/wp-json\/wp\/v2\/posts\/6781\/revisions\/6783"}],"wp:featuredmedia":[{"embeddable":true,"href":"https:\/\/talithakumi.ps\/school\/wp-json\/wp\/v2\/media\/6784"}],"wp:attachment":[{"href":"https:\/\/talithakumi.ps\/school\/wp-json\/wp\/v2\/media?parent=6781"}],"wp:term":[{"taxonomy":"category","embeddable":true,"href":"https:\/\/talithakumi.ps\/school\/wp-json\/wp\/v2\/categories?post=6781"},{"taxonomy":"post_tag","embeddable":true,"href":"https:\/\/talithakumi.ps\/school\/wp-json\/wp\/v2\/tags?post=6781"}],"curies":[{"name":"wp","href":"https:\/\/api.w.org\/{rel}","templated":true}]}}