{"id":6964,"date":"2018-09-07T17:35:46","date_gmt":"2018-09-07T17:35:46","guid":{"rendered":"http:\/\/talithakumi.ps\/school\/?p=6964"},"modified":"2018-09-07T17:39:44","modified_gmt":"2018-09-07T17:39:44","slug":"aktionstag-wir-machen-unsere-schule-schoner","status":"publish","type":"post","link":"https:\/\/talithakumi.ps\/school\/2018\/09\/07\/aktionstag-wir-machen-unsere-schule-schoner\/","title":{"rendered":"Aktionstag &#8220;wir machen unsere Schule sch\u00f6ner&#8221;"},"content":{"rendered":"<p>Heute veranstalteten die deutschen Lehrer f\u00fcr Ihre Klassen im DIA- Zweig einen Aktionstag unter dem Motto &#8221; wir machen unsere Schule sch\u00f6ner&#8221;.<\/p>\n<p>Mitgemacht haben Sch\u00fcler der Klassen 7 bis 12 DIA. Die Sch\u00fcler streichten ihre Klassenr\u00e4ume und malten Bilder und Motive auf den W\u00e4nde in den Klassenr\u00e4umen, in den Fluren und auf dem Schulhof.<\/p>\n<p>Die Sch\u00fcler entwickelten an diesem Tag ein Gef\u00fchl, dass sie ihre Schule mitgestalten und sch\u00f6ner machen k\u00f6nnen.<\/p>\n<p>Am Ende grillte die Klasse 11 DIA f\u00fcr alle. Die Stimmung auf dem Schulhof war entspannt. Schulleiter, Lehrer und Sch\u00fcler a\u00dfen zusammen.<\/p>\n<p>Danke an alle Sch\u00fcler, die mitgemacht haben und einen kleinen Beitrag zur Gestaltung ihrer Schule beigetragen haben.<\/p>\n<div id=\"fb-root\"><\/div>\n<p><script>(function(d, s, id) {  var js, fjs = d.getElementsByTagName(s)[0];  if (d.getElementById(id)) return;  js = d.createElement(s); js.id = id;  js.src = 'https:\/\/connect.facebook.net\/en_US\/sdk.js#xfbml=1&version=v3.1';  fjs.parentNode.insertBefore(js, fjs);}(document, 'script', 'facebook-jssdk'));<\/script><\/p>\n<div class=\"fb-post\" data-href=\"https:\/\/www.facebook.com\/media\/set\/?set=a.1914127688624599&amp;type=1&amp;l=488e174202\" data-width=\"750\">\n<blockquote cite=\"https:\/\/www.facebook.com\/media\/set\/?set=a.1914127688624599&amp;type=3\" class=\"fb-xfbml-parse-ignore\">\n<p>\u0627\u0644\u064a\u0648\u0645 \u0627\u0644\u062a\u0637\u0648\u0639\u064a &quot; \u0646\u062c\u0639\u0644 \u0645\u062f\u0631\u0633\u062a\u0646\u0627 \u0627\u062c\u0645\u0644&quot;<\/p>\n<p>Posted by <a href=\"https:\/\/www.facebook.com\/BildungszentrumTalithaKumi\/\">Talitha Kumi<\/a> on&nbsp;<a href=\"https:\/\/www.facebook.com\/media\/set\/?set=a.1914127688624599&amp;type=3\">Friday, September 7, 2018<\/a><\/p><\/blockquote>\n<\/div>\n","protected":false},"excerpt":{"rendered":"<p>Heute veranstalteten die deutschen Lehrer f\u00fcr Ihre Klassen im DIA- Zweig einen Aktionstag unter dem Motto &#8221; wir machen unsere Schule sch\u00f6ner&#8221;. Mitgemacht haben Sch\u00fcler der Klassen 7 bis 12 DIA. Die Sch\u00fcler streichten ihre Klassenr\u00e4ume und malten Bilder und Motive auf den W\u00e4nde in den Klassenr\u00e4umen, in den Fluren und auf dem Schulhof. Die [&hellip;]<\/p>\n","protected":false},"author":3,"featured_media":6965,"comment_status":"closed","ping_status":"closed","sticky":false,"template":"","format":"standard","meta":{"footnotes":""},"categories":[5],"tags":[],"class_list":["post-6964","post","type-post","status-publish","format-standard","has-post-thumbnail","hentry","category-latest-news"],"_links":{"self":[{"href":"https:\/\/talithakumi.ps\/school\/wp-json\/wp\/v2\/posts\/6964","targetHints":{"allow":["GET"]}}],"collection":[{"href":"https:\/\/talithakumi.ps\/school\/wp-json\/wp\/v2\/posts"}],"about":[{"href":"https:\/\/talithakumi.ps\/school\/wp-json\/wp\/v2\/types\/post"}],"author":[{"embeddable":true,"href":"https:\/\/talithakumi.ps\/school\/wp-json\/wp\/v2\/users\/3"}],"replies":[{"embeddable":true,"href":"https:\/\/talithakumi.ps\/school\/wp-json\/wp\/v2\/comments?post=6964"}],"version-history":[{"count":1,"href":"https:\/\/talithakumi.ps\/school\/wp-json\/wp\/v2\/posts\/6964\/revisions"}],"predecessor-version":[{"id":6982,"href":"https:\/\/talithakumi.ps\/school\/wp-json\/wp\/v2\/posts\/6964\/revisions\/6982"}],"wp:featuredmedia":[{"embeddable":true,"href":"https:\/\/talithakumi.ps\/school\/wp-json\/wp\/v2\/media\/6965"}],"wp:attachment":[{"href":"https:\/\/talithakumi.ps\/school\/wp-json\/wp\/v2\/media?parent=6964"}],"wp:term":[{"taxonomy":"category","embeddable":true,"href":"https:\/\/talithakumi.ps\/school\/wp-json\/wp\/v2\/categories?post=6964"},{"taxonomy":"post_tag","embeddable":true,"href":"https:\/\/talithakumi.ps\/school\/wp-json\/wp\/v2\/tags?post=6964"}],"curies":[{"name":"wp","href":"https:\/\/api.w.org\/{rel}","templated":true}]}}