{"id":6983,"date":"2018-09-07T18:08:34","date_gmt":"2018-09-07T18:08:34","guid":{"rendered":"http:\/\/talithakumi.ps\/school\/?p=6983"},"modified":"2018-09-07T18:54:59","modified_gmt":"2018-09-07T18:54:59","slug":"aktivitat-der-achtklassler-mit-dem-umweltzentrum","status":"publish","type":"post","link":"https:\/\/talithakumi.ps\/school\/2018\/09\/07\/aktivitat-der-achtklassler-mit-dem-umweltzentrum\/","title":{"rendered":"Aktivit\u00e4t der Achtkl\u00e4ssler mit dem Umweltzentrum"},"content":{"rendered":"<p>Heute, Freitag, den 07.09.2018 nahmen Sch\u00fcler es Jahrgangs 8 aus Talitha Kumi an einer Workshop unter dem Titel \u201eUmweltbewusstsein\u201c im Rahmen eines Programm zur St\u00e4rkung der nationalen Identit\u00e4t der Sch\u00fcler teil.<\/p>\n<p>Der Workshop und die damit verbundene Exkursion wurde vom Umweltzentrum der lutherischen Kirche organisiert.<\/p>\n<p>Die Sch\u00fcler besichtigten in Begleitung von zwei Lehrerinnen, Sophia Rizqalla und Nour Nour das Mar-Saba-Kloster bei Bethlehem, Herodium, die Hirtenfeldern in Beit Sahour und die Teiche Solomos<\/p>\n<p>Wir danken den Lehrerinnen und den Verantwortlichen im Umweltzentrum f\u00fcr diese Aktivit\u00e4t und das wichtige Programm zur St\u00e4rkung der nationalen Identit\u00e4t der Sch\u00fcler.<\/p>\n\n\t\t<style type=\"text\/css\">\n\t\t\t#gallery-1 {\n\t\t\t\tmargin: auto;\n\t\t\t}\n\t\t\t#gallery-1 .gallery-item {\n\t\t\t\tfloat: left;\n\t\t\t\tmargin-top: 10px;\n\t\t\t\ttext-align: center;\n\t\t\t\twidth: 25%;\n\t\t\t}\n\t\t\t#gallery-1 img {\n\t\t\t\tborder: 2px solid #cfcfcf;\n\t\t\t}\n\t\t\t#gallery-1 .gallery-caption {\n\t\t\t\tmargin-left: 0;\n\t\t\t}\n\t\t\t\/* see gallery_shortcode() in wp-includes\/media.php *\/\n\t\t<\/style>\n\t\t<div id='gallery-1' class='gallery galleryid-6983 gallery-columns-4 gallery-size-thumbnail'><dl class='gallery-item'>\n\t\t\t<dt class='gallery-icon landscape'>\n\t\t\t\t<a href='https:\/\/talithakumi.ps\/school\/2018\/09\/07\/aktivitat-der-achtklassler-mit-dem-umweltzentrum\/41294023_268660200423541_8296488076851544064_n\/'><img loading=\"lazy\" decoding=\"async\" width=\"150\" height=\"150\" src=\"https:\/\/talithakumi.ps\/school\/wp-content\/uploads\/sites\/2\/2018\/09\/41294023_268660200423541_8296488076851544064_n-150x150.jpg\" class=\"attachment-thumbnail size-thumbnail\" alt=\"\" srcset=\"https:\/\/talithakumi.ps\/school\/wp-content\/uploads\/sites\/2\/2018\/09\/41294023_268660200423541_8296488076851544064_n-150x150.jpg 150w, https:\/\/talithakumi.ps\/school\/wp-content\/uploads\/sites\/2\/2018\/09\/41294023_268660200423541_8296488076851544064_n-50x50.jpg 50w, https:\/\/talithakumi.ps\/school\/wp-content\/uploads\/sites\/2\/2018\/09\/41294023_268660200423541_8296488076851544064_n-80x80.jpg 80w, https:\/\/talithakumi.ps\/school\/wp-content\/uploads\/sites\/2\/2018\/09\/41294023_268660200423541_8296488076851544064_n-263x263.jpg 263w, https:\/\/talithakumi.ps\/school\/wp-content\/uploads\/sites\/2\/2018\/09\/41294023_268660200423541_8296488076851544064_n-100x100.jpg 100w, https:\/\/talithakumi.ps\/school\/wp-content\/uploads\/sites\/2\/2018\/09\/41294023_268660200423541_8296488076851544064_n-526x526.jpg 526w, https:\/\/talithakumi.ps\/school\/wp-content\/uploads\/sites\/2\/2018\/09\/41294023_268660200423541_8296488076851544064_n-255x255.jpg 255w\" sizes=\"auto, (max-width: 150px) 100vw, 150px\" \/><\/a>\n\t\t\t<\/dt><\/dl><dl class='gallery-item'>\n\t\t\t<dt class='gallery-icon landscape'>\n\t\t\t\t<a href='https:\/\/talithakumi.ps\/school\/2018\/09\/07\/aktivitat-der-achtklassler-mit-dem-umweltzentrum\/41280738_2206622436234516_3144336666819297280_n\/'><img loading=\"lazy\" decoding=\"async\" width=\"150\" height=\"150\" src=\"https:\/\/talithakumi.ps\/school\/wp-content\/uploads\/sites\/2\/2018\/09\/41280738_2206622436234516_3144336666819297280_n-150x150.jpg\" class=\"attachment-thumbnail size-thumbnail\" alt=\"\" srcset=\"https:\/\/talithakumi.ps\/school\/wp-content\/uploads\/sites\/2\/2018\/09\/41280738_2206622436234516_3144336666819297280_n-150x150.jpg 150w, https:\/\/talithakumi.ps\/school\/wp-content\/uploads\/sites\/2\/2018\/09\/41280738_2206622436234516_3144336666819297280_n-50x50.jpg 50w, https:\/\/talithakumi.ps\/school\/wp-content\/uploads\/sites\/2\/2018\/09\/41280738_2206622436234516_3144336666819297280_n-80x80.jpg 80w, https:\/\/talithakumi.ps\/school\/wp-content\/uploads\/sites\/2\/2018\/09\/41280738_2206622436234516_3144336666819297280_n-263x263.jpg 263w, https:\/\/talithakumi.ps\/school\/wp-content\/uploads\/sites\/2\/2018\/09\/41280738_2206622436234516_3144336666819297280_n-100x100.jpg 100w, https:\/\/talithakumi.ps\/school\/wp-content\/uploads\/sites\/2\/2018\/09\/41280738_2206622436234516_3144336666819297280_n-526x526.jpg 526w, https:\/\/talithakumi.ps\/school\/wp-content\/uploads\/sites\/2\/2018\/09\/41280738_2206622436234516_3144336666819297280_n-255x255.jpg 255w\" sizes=\"auto, (max-width: 150px) 100vw, 150px\" \/><\/a>\n\t\t\t<\/dt><\/dl><dl class='gallery-item'>\n\t\t\t<dt class='gallery-icon portrait'>\n\t\t\t\t<a href='https:\/\/talithakumi.ps\/school\/2018\/09\/07\/aktivitat-der-achtklassler-mit-dem-umweltzentrum\/41129055_341367713100937_8524048659807993856_n\/'><img loading=\"lazy\" decoding=\"async\" width=\"150\" height=\"150\" src=\"https:\/\/talithakumi.ps\/school\/wp-content\/uploads\/sites\/2\/2018\/09\/41129055_341367713100937_8524048659807993856_n-150x150.jpg\" class=\"attachment-thumbnail size-thumbnail\" alt=\"\" srcset=\"https:\/\/talithakumi.ps\/school\/wp-content\/uploads\/sites\/2\/2018\/09\/41129055_341367713100937_8524048659807993856_n-150x150.jpg 150w, https:\/\/talithakumi.ps\/school\/wp-content\/uploads\/sites\/2\/2018\/09\/41129055_341367713100937_8524048659807993856_n-50x50.jpg 50w, https:\/\/talithakumi.ps\/school\/wp-content\/uploads\/sites\/2\/2018\/09\/41129055_341367713100937_8524048659807993856_n-80x80.jpg 80w, https:\/\/talithakumi.ps\/school\/wp-content\/uploads\/sites\/2\/2018\/09\/41129055_341367713100937_8524048659807993856_n-263x263.jpg 263w, https:\/\/talithakumi.ps\/school\/wp-content\/uploads\/sites\/2\/2018\/09\/41129055_341367713100937_8524048659807993856_n-100x100.jpg 100w, https:\/\/talithakumi.ps\/school\/wp-content\/uploads\/sites\/2\/2018\/09\/41129055_341367713100937_8524048659807993856_n-526x526.jpg 526w, https:\/\/talithakumi.ps\/school\/wp-content\/uploads\/sites\/2\/2018\/09\/41129055_341367713100937_8524048659807993856_n-255x255.jpg 255w\" sizes=\"auto, (max-width: 150px) 100vw, 150px\" \/><\/a>\n\t\t\t<\/dt><\/dl><dl class='gallery-item'>\n\t\t\t<dt class='gallery-icon portrait'>\n\t\t\t\t<a href='https:\/\/talithakumi.ps\/school\/2018\/09\/07\/aktivitat-der-achtklassler-mit-dem-umweltzentrum\/41026242_694956897531979_9010354569644867584_n\/'><img loading=\"lazy\" decoding=\"async\" width=\"150\" height=\"150\" src=\"https:\/\/talithakumi.ps\/school\/wp-content\/uploads\/sites\/2\/2018\/09\/41026242_694956897531979_9010354569644867584_n-150x150.jpg\" class=\"attachment-thumbnail size-thumbnail\" alt=\"\" srcset=\"https:\/\/talithakumi.ps\/school\/wp-content\/uploads\/sites\/2\/2018\/09\/41026242_694956897531979_9010354569644867584_n-150x150.jpg 150w, https:\/\/talithakumi.ps\/school\/wp-content\/uploads\/sites\/2\/2018\/09\/41026242_694956897531979_9010354569644867584_n-50x50.jpg 50w, https:\/\/talithakumi.ps\/school\/wp-content\/uploads\/sites\/2\/2018\/09\/41026242_694956897531979_9010354569644867584_n-80x80.jpg 80w, https:\/\/talithakumi.ps\/school\/wp-content\/uploads\/sites\/2\/2018\/09\/41026242_694956897531979_9010354569644867584_n-263x263.jpg 263w, https:\/\/talithakumi.ps\/school\/wp-content\/uploads\/sites\/2\/2018\/09\/41026242_694956897531979_9010354569644867584_n-100x100.jpg 100w, https:\/\/talithakumi.ps\/school\/wp-content\/uploads\/sites\/2\/2018\/09\/41026242_694956897531979_9010354569644867584_n-526x526.jpg 526w, https:\/\/talithakumi.ps\/school\/wp-content\/uploads\/sites\/2\/2018\/09\/41026242_694956897531979_9010354569644867584_n-255x255.jpg 255w\" sizes=\"auto, (max-width: 150px) 100vw, 150px\" \/><\/a>\n\t\t\t<\/dt><\/dl><br style=\"clear: both\" \/>\n\t\t<\/div>\n\n","protected":false},"excerpt":{"rendered":"<p>Heute, Freitag, den 07.09.2018 nahmen Sch\u00fcler es Jahrgangs 8 aus Talitha Kumi an einer Workshop unter dem Titel \u201eUmweltbewusstsein\u201c im Rahmen eines Programm zur St\u00e4rkung der nationalen Identit\u00e4t der Sch\u00fcler teil. Der Workshop und die damit verbundene Exkursion wurde vom Umweltzentrum der lutherischen Kirche organisiert. Die Sch\u00fcler besichtigten in Begleitung von zwei Lehrerinnen, Sophia Rizqalla [&hellip;]<\/p>\n","protected":false},"author":3,"featured_media":6987,"comment_status":"closed","ping_status":"closed","sticky":false,"template":"","format":"standard","meta":{"footnotes":""},"categories":[5],"tags":[],"class_list":["post-6983","post","type-post","status-publish","format-standard","has-post-thumbnail","hentry","category-latest-news"],"_links":{"self":[{"href":"https:\/\/talithakumi.ps\/school\/wp-json\/wp\/v2\/posts\/6983","targetHints":{"allow":["GET"]}}],"collection":[{"href":"https:\/\/talithakumi.ps\/school\/wp-json\/wp\/v2\/posts"}],"about":[{"href":"https:\/\/talithakumi.ps\/school\/wp-json\/wp\/v2\/types\/post"}],"author":[{"embeddable":true,"href":"https:\/\/talithakumi.ps\/school\/wp-json\/wp\/v2\/users\/3"}],"replies":[{"embeddable":true,"href":"https:\/\/talithakumi.ps\/school\/wp-json\/wp\/v2\/comments?post=6983"}],"version-history":[{"count":3,"href":"https:\/\/talithakumi.ps\/school\/wp-json\/wp\/v2\/posts\/6983\/revisions"}],"predecessor-version":[{"id":6991,"href":"https:\/\/talithakumi.ps\/school\/wp-json\/wp\/v2\/posts\/6983\/revisions\/6991"}],"wp:featuredmedia":[{"embeddable":true,"href":"https:\/\/talithakumi.ps\/school\/wp-json\/wp\/v2\/media\/6987"}],"wp:attachment":[{"href":"https:\/\/talithakumi.ps\/school\/wp-json\/wp\/v2\/media?parent=6983"}],"wp:term":[{"taxonomy":"category","embeddable":true,"href":"https:\/\/talithakumi.ps\/school\/wp-json\/wp\/v2\/categories?post=6983"},{"taxonomy":"post_tag","embeddable":true,"href":"https:\/\/talithakumi.ps\/school\/wp-json\/wp\/v2\/tags?post=6983"}],"curies":[{"name":"wp","href":"https:\/\/api.w.org\/{rel}","templated":true}]}}